{"id":2178,"date":"2026-01-24T15:10:00","date_gmt":"2026-01-24T14:10:00","guid":{"rendered":"https:\/\/www.idecsport.club\/idec-sport-lance-idec-sport-legend-et-idec-sport-collection-au-salon-retromobile\/"},"modified":"2026-01-26T09:19:12","modified_gmt":"2026-01-26T08:19:12","slug":"idec-sport-lance-idec-sport-legend-et-idec-sport-collection-au-salon-retromobile","status":"publish","type":"post","link":"https:\/\/www.idecsport.club\/en\/idec-sport-lance-idec-sport-legend-et-idec-sport-collection-au-salon-retromobile\/","title":{"rendered":"IDEC SPORT lance IDEC SPORT LEGEND et IDEC SPORT COLLECTION au salon R\u00e9tromobile"},"content":{"rendered":"\n<p><strong>Du&nbsp;28 janvier au 1er f\u00e9vrier 2026, Paris Expo \u2013 Porte de Versailles accueille le salon international de r\u00e9f\u00e9rence d\u00e9di\u00e9 aux voitures anciennes et de collection.<\/strong>&nbsp;<strong>V\u00e9ritable temple du patrimoine automobile, l\u2019\u00e9v\u00e9nement s\u2019impose comme le rendez-vous incontournable des passionn\u00e9s, collectionneurs et acteurs majeurs du secteur. C\u2019est dans ce d\u00e9cor embl\u00e9matique qu\u2019IDEC SPORT&nbsp;a choisi de pr\u00e9senter, en avant-premi\u00e8re, IDEC SPORT LEGEND&nbsp;et IDEC SPORT COLLECTION, deux nouvelles entit\u00e9s qui viennent structurer et renforcer son engagement historique dans l\u2019univers de l\u2019automobile de collection et de comp\u00e9tition.<\/strong><\/p>\n\n\n\n<p><strong>IDEC SPORT, un club au c\u0153ur de la passion automobile<\/strong><\/p>\n\n\n\n<p>\u00c0 l\u2019occasion de cette \u00e9dition, IDEC SPORT, qui a c\u00e9l\u00e9br\u00e9 ses dix ans en 2025, installe \u00e0 R\u00e9tromobile un IDEC SPORT CLUB d\u00e9localis\u00e9, pens\u00e9 comme un lieu de convergence et de rencontres&nbsp;pour les acteurs du monde de la voiture de collection, les passionn\u00e9s et les partenaires de la marque.<\/p>\n\n\n\n<p>Sur le stand 016, all\u00e9e E, Hall 7-3, IDEC SPORT accueillera ses adh\u00e9rents, partenaires et visiteurs autour de temps forts exclusifs : pr\u00e9sentation des nouvelles activit\u00e9s historiques, \u00e9changes avec les \u00e9quipes, animations immersives et exposition de v\u00e9hicules embl\u00e9matiques.<\/p>\n\n\n\n<p><strong>Un d\u00e9veloppement initi\u00e9 en 2024 avec IDEC SPORT CLUB<\/strong><\/p>\n\n\n\n<p>Le lancement d\u2019IDEC SPORT LEGEND&nbsp;et d\u2019IDEC SPORT COLLECTION&nbsp;s\u2019inscrit dans un d\u00e9veloppement plus global amorc\u00e9 en 2024 avec la cr\u00e9ation d\u2019IDEC SPORT CLUB.<\/p>\n\n\n\n<p>V\u00e9ritable fil conducteur de l\u2019ensemble des activit\u00e9s IDEC SPORT, le Club a pour mission de mobiliser ses adh\u00e9rents autour des valeurs fondamentales de la performance&nbsp;: esprit d\u2019\u00e9quipe, gestion du stress, exigence, pr\u00e9cision et prise de d\u00e9cision. Inspir\u00e9 directement des m\u00e9thodes du sport automobile de haut niveau, IDEC SPORT CLUB propose des exp\u00e9riences immersives dans des infrastructures dignes des plus grandes \u00e9curies de course.<\/p>\n\n\n\n<p>Chaque membre est ainsi plong\u00e9 dans un univers o\u00f9 il devient acteur \u00e0 part enti\u00e8re, vivant la performance de l\u2019int\u00e9rieur, comme s\u2019il faisait partie d\u2019une \u00e9quipe engag\u00e9e au plus haut niveau de la comp\u00e9tition. IDEC SPORT CLUB, c\u2019est un \u00e9tat d\u2019esprit, une communaut\u00e9 et une vision partag\u00e9e.<br><em>\u00abUn lieu qui nous ressemble, qui nous parle. \u00bb<\/em><\/p>\n\n\n\n<div class=\"wp-block-columns is-layout-flex wp-container-core-columns-is-layout-9d6595d7 wp-block-columns-is-layout-flex\">\n<div class=\"wp-block-column is-layout-flow wp-block-column-is-layout-flow\">\n<figure class=\"wp-block-image size-large\"><img loading=\"lazy\" decoding=\"async\" width=\"1024\" height=\"683\" src=\"https:\/\/www.idecsport.club\/wp-content\/uploads\/2026\/01\/Visite-stand-1536x1024-1-1024x683.jpg\" alt=\"\" class=\"wp-image-2169\" srcset=\"https:\/\/www.idecsport.club\/wp-content\/uploads\/2026\/01\/Visite-stand-1536x1024-1-1024x683.jpg 1024w, https:\/\/www.idecsport.club\/wp-content\/uploads\/2026\/01\/Visite-stand-1536x1024-1-300x200.jpg 300w, https:\/\/www.idecsport.club\/wp-content\/uploads\/2026\/01\/Visite-stand-1536x1024-1-768x512.jpg 768w, https:\/\/www.idecsport.club\/wp-content\/uploads\/2026\/01\/Visite-stand-1536x1024-1-900x600.jpg 900w, https:\/\/www.idecsport.club\/wp-content\/uploads\/2026\/01\/Visite-stand-1536x1024-1.jpg 1536w\" sizes=\"auto, (max-width: 1024px) 100vw, 1024px\" \/><\/figure>\n<\/div>\n\n\n\n<div class=\"wp-block-column is-layout-flow wp-block-column-is-layout-flow\">\n<figure class=\"wp-block-image size-large\"><img loading=\"lazy\" decoding=\"async\" width=\"1024\" height=\"683\" src=\"https:\/\/www.idecsport.club\/wp-content\/uploads\/2026\/01\/ELMS2025_LECASTELLET_000864-1536x1024-1-1024x683.jpg\" alt=\"\" class=\"wp-image-2168\" srcset=\"https:\/\/www.idecsport.club\/wp-content\/uploads\/2026\/01\/ELMS2025_LECASTELLET_000864-1536x1024-1-1024x683.jpg 1024w, https:\/\/www.idecsport.club\/wp-content\/uploads\/2026\/01\/ELMS2025_LECASTELLET_000864-1536x1024-1-300x200.jpg 300w, https:\/\/www.idecsport.club\/wp-content\/uploads\/2026\/01\/ELMS2025_LECASTELLET_000864-1536x1024-1-768x512.jpg 768w, https:\/\/www.idecsport.club\/wp-content\/uploads\/2026\/01\/ELMS2025_LECASTELLET_000864-1536x1024-1-900x600.jpg 900w, https:\/\/www.idecsport.club\/wp-content\/uploads\/2026\/01\/ELMS2025_LECASTELLET_000864-1536x1024-1.jpg 1536w\" sizes=\"auto, (max-width: 1024px) 100vw, 1024px\" \/><\/figure>\n<\/div>\n<\/div>\n\n\n\n<p><strong>IDEC SPORT LEGEND : partager la passion de l\u2019historique entre initi\u00e9s<\/strong><\/p>\n\n\n\n<p>Fort de plus de dix ans d\u2019engagement en comp\u00e9tition, aussi bien dans les championnats modernes que dans les s\u00e9ries historiques, IDEC SPORT franchit une nouvelle \u00e9tape avec IDEC SPORT LEGEND.<\/p>\n\n\n\n<p>Cette entit\u00e9 s\u2019adresse aux passionn\u00e9s d\u00e9sireux de vivre les grandes courses automobiles historiques de l\u2019int\u00e9rieur, au sein d\u2019un club d\u2019adh\u00e9rents partageant la m\u00eame culture et le m\u00eame respect du patrimoine automobile. IDEC SPORT LEGEND propose un accompagnement complet autour de programmes historiques prestigieux, m\u00ealant acc\u00e8s privil\u00e9gi\u00e9s aux \u00e9v\u00e9nements, immersion dans les paddocks, rencontres avec les \u00e9quipes et moments de convivialit\u00e9 entre passionn\u00e9s.<\/p>\n\n\n\n<p>Au-del\u00e0 de la piste, IDEC SPORT LEGEND cultive une vision : faire vivre l\u2019histoire de l\u2019automobile comme une exp\u00e9rience collective, o\u00f9 la transmission, l\u2019\u00e9motion et l\u2019authenticit\u00e9 occupent une place centrale.<\/p>\n\n\n\n<div class=\"wp-block-columns is-layout-flex wp-container-core-columns-is-layout-9d6595d7 wp-block-columns-is-layout-flex\">\n<div class=\"wp-block-column is-layout-flow wp-block-column-is-layout-flow\">\n<figure class=\"wp-block-image size-large\"><img loading=\"lazy\" decoding=\"async\" width=\"724\" height=\"1024\" src=\"https:\/\/www.idecsport.club\/wp-content\/uploads\/2026\/01\/Design-sans-titre-13-1086x1536-1-724x1024.jpg\" alt=\"\" class=\"wp-image-2170\" srcset=\"https:\/\/www.idecsport.club\/wp-content\/uploads\/2026\/01\/Design-sans-titre-13-1086x1536-1-724x1024.jpg 724w, https:\/\/www.idecsport.club\/wp-content\/uploads\/2026\/01\/Design-sans-titre-13-1086x1536-1-212x300.jpg 212w, https:\/\/www.idecsport.club\/wp-content\/uploads\/2026\/01\/Design-sans-titre-13-1086x1536-1-768x1086.jpg 768w, https:\/\/www.idecsport.club\/wp-content\/uploads\/2026\/01\/Design-sans-titre-13-1086x1536-1.jpg 1086w\" sizes=\"auto, (max-width: 724px) 100vw, 724px\" \/><\/figure>\n<\/div>\n\n\n\n<div class=\"wp-block-column is-layout-flow wp-block-column-is-layout-flow\">\n<figure class=\"wp-block-image size-large\"><img loading=\"lazy\" decoding=\"async\" width=\"724\" height=\"1024\" src=\"https:\/\/www.idecsport.club\/wp-content\/uploads\/2026\/01\/Design-sans-titre-14-1086x1536-1-724x1024.jpg\" alt=\"\" class=\"wp-image-2171\" srcset=\"https:\/\/www.idecsport.club\/wp-content\/uploads\/2026\/01\/Design-sans-titre-14-1086x1536-1-724x1024.jpg 724w, https:\/\/www.idecsport.club\/wp-content\/uploads\/2026\/01\/Design-sans-titre-14-1086x1536-1-212x300.jpg 212w, https:\/\/www.idecsport.club\/wp-content\/uploads\/2026\/01\/Design-sans-titre-14-1086x1536-1-768x1086.jpg 768w, https:\/\/www.idecsport.club\/wp-content\/uploads\/2026\/01\/Design-sans-titre-14-1086x1536-1.jpg 1086w\" sizes=\"auto, (max-width: 724px) 100vw, 724px\" \/><\/figure>\n<\/div>\n<\/div>\n\n\n\n<p><strong>IDEC SPORT COLLECTION : se concentrer sur l\u2019essentiel<\/strong><\/p>\n\n\n\n<p>Parce que le plaisir de conduire et de pr\u00e9server une voiture d\u2019exception ne se limite pas \u00e0 la comp\u00e9tition, IDEC SPORT COLLECTION&nbsp;est n\u00e9 pour accompagner les collectionneurs dans une approche sereine, exigeante et sur-mesure.<\/p>\n\n\n\n<p>Pens\u00e9 comme un lieu privil\u00e9gi\u00e9 r\u00e9serv\u00e9 aux adh\u00e9rents, IDEC SPORT COLLECTION met \u00e0 disposition une \u00e9quipe d\u2019experts reconnue, issue du sport automobile, capable d\u2019accompagner chaque propri\u00e9taire dans la gestion, la pr\u00e9paration, l\u2019entretien et la valorisation de son v\u00e9hicule. Ici, l\u2019exigence technique se conjugue avec une relation de confiance, une parfaite compr\u00e9hension des enjeux patrimoniaux et un profond respect de l\u2019objet automobile.<\/p>\n\n\n\n<p>IDEC SPORT COLLECTION permet ainsi \u00e0 ses membres de se concentrer sur l\u2019essentiel : le plaisir, l\u2019\u00e9motion et la passion, en s\u2019appuyant sur le savoir-faire et l\u2019exp\u00e9rience d\u2019une structure de r\u00e9f\u00e9rence.<\/p>\n\n\n\n<figure class=\"wp-block-image size-large\"><img loading=\"lazy\" decoding=\"async\" width=\"1024\" height=\"683\" src=\"https:\/\/www.idecsport.club\/wp-content\/uploads\/2026\/01\/groupe-1024x683.jpg\" alt=\"\" class=\"wp-image-2172\" srcset=\"https:\/\/www.idecsport.club\/wp-content\/uploads\/2026\/01\/groupe-1024x683.jpg 1024w, https:\/\/www.idecsport.club\/wp-content\/uploads\/2026\/01\/groupe-300x200.jpg 300w, https:\/\/www.idecsport.club\/wp-content\/uploads\/2026\/01\/groupe-768x512.jpg 768w, https:\/\/www.idecsport.club\/wp-content\/uploads\/2026\/01\/groupe-900x600.jpg 900w, https:\/\/www.idecsport.club\/wp-content\/uploads\/2026\/01\/groupe.jpg 1536w\" sizes=\"auto, (max-width: 1024px) 100vw, 1024px\" \/><\/figure>\n\n\n\n<p><strong>IDEC SPORT RACING, un Club de partenaires au c\u0153ur de la performance<\/strong><\/p>\n\n\n\n<p>Parall\u00e8lement \u00e0 ses activit\u00e9s historiques, IDEC SPORT RACING&nbsp;poursuit son engagement au plus haut niveau avec une \u00e9curie engag\u00e9e en Championnat d\u2019Europe d\u2019Endurance (ELMS)&nbsp;et aux 24 Heures du Mans.<\/p>\n\n\n\n<div class=\"wp-block-columns is-layout-flex wp-container-core-columns-is-layout-9d6595d7 wp-block-columns-is-layout-flex\">\n<div class=\"wp-block-column is-layout-flow wp-block-column-is-layout-flow\">\n<figure class=\"wp-block-image size-large\"><img loading=\"lazy\" decoding=\"async\" width=\"1024\" height=\"683\" src=\"https:\/\/www.idecsport.club\/wp-content\/uploads\/2026\/01\/p3-portimao-1024x683.jpg\" alt=\"\" class=\"wp-image-2173\" srcset=\"https:\/\/www.idecsport.club\/wp-content\/uploads\/2026\/01\/p3-portimao-1024x683.jpg 1024w, https:\/\/www.idecsport.club\/wp-content\/uploads\/2026\/01\/p3-portimao-300x200.jpg 300w, https:\/\/www.idecsport.club\/wp-content\/uploads\/2026\/01\/p3-portimao-768x512.jpg 768w, https:\/\/www.idecsport.club\/wp-content\/uploads\/2026\/01\/p3-portimao-900x600.jpg 900w, https:\/\/www.idecsport.club\/wp-content\/uploads\/2026\/01\/p3-portimao.jpg 1536w\" sizes=\"auto, (max-width: 1024px) 100vw, 1024px\" \/><\/figure>\n<\/div>\n\n\n\n<div class=\"wp-block-column is-layout-flow wp-block-column-is-layout-flow\">\n<figure class=\"wp-block-image size-large\"><img loading=\"lazy\" decoding=\"async\" width=\"1024\" height=\"683\" src=\"https:\/\/www.idecsport.club\/wp-content\/uploads\/2026\/01\/p3-1024x683.jpg\" alt=\"\" class=\"wp-image-2174\" srcset=\"https:\/\/www.idecsport.club\/wp-content\/uploads\/2026\/01\/p3-1024x683.jpg 1024w, https:\/\/www.idecsport.club\/wp-content\/uploads\/2026\/01\/p3-300x200.jpg 300w, https:\/\/www.idecsport.club\/wp-content\/uploads\/2026\/01\/p3-768x512.jpg 768w, https:\/\/www.idecsport.club\/wp-content\/uploads\/2026\/01\/p3-900x600.jpg 900w, https:\/\/www.idecsport.club\/wp-content\/uploads\/2026\/01\/p3.jpg 1536w\" sizes=\"auto, (max-width: 1024px) 100vw, 1024px\" \/><\/figure>\n<\/div>\n<\/div>\n\n\n\n<p>Autour de ce programme, IDEC SPORT a structur\u00e9 un Club de partenaires, proposant sur sept \u00e9v\u00e9nements r\u00e9partis \u00e0 travers l\u2019Europe&nbsp;des exp\u00e9riences immersives et des temps forts d\u00e9di\u00e9s au d\u00e9veloppement des relations BtoB. Ces rendez-vous exclusifs permettent aux entreprises partenaires de se rencontrer, d\u2019\u00e9changer et de construire des synergies dans un cadre inspir\u00e9 par la haute performance sportive.<\/p>\n\n\n\n<p><strong>Une vision globale de l\u2019automobile comme patrimoine vivant<\/strong><\/p>\n\n\n\n<p>Au c\u0153ur de son \u00e9curie de course comme de ses activit\u00e9s historiques, IDEC SPORT&nbsp;propose aujourd\u2019hui bien plus qu\u2019un programme sportif : des rendez-vous, une adresse, un accompagnement et une communaut\u00e9&nbsp;pour tous ceux qui voient dans l\u2019automobile bien plus qu\u2019un moyen de transport. Un art, une m\u00e9moire, un patrimoine vivant.<\/p>\n\n\n\n<p>Patrice Lafargue, Pr\u00e9sident d\u2019IDEC SPORT<br>\u00ab Fid\u00e8les \u00e0 R\u00e9tromobile pour la 3\u00e8me fois, nous sommes une nouvelle fois pr\u00e9sents avec l\u2019officialisation de nos activit\u00e9s historiques. Au-del\u00e0 de la pr\u00e9sentation de ces nouvelles entit\u00e9s, il \u00e9tait primordial pour IDEC SPORT \u2014 acteur engag\u00e9 et passionn\u00e9 du sport automobile de longue date \u00e0 travers ses \u00e9quipes \u2014 d\u2019\u00eatre pr\u00e9sent pour cette \u00e9dition anniversaire. Depuis 1976, R\u00e9tromobile rassemble passionn\u00e9s, collectionneurs, sp\u00e9cialistes et amateurs autour de l\u2019histoire et de la culture automobile. Quatre jours durant lesquels nous rencontrons, \u00e9changeons et construisons autour de cette passion commune. \u00bb<\/p>\n\n\n\n<div class=\"wp-block-columns is-layout-flex wp-container-core-columns-is-layout-9d6595d7 wp-block-columns-is-layout-flex\">\n<div class=\"wp-block-column is-layout-flow wp-block-column-is-layout-flow\">\n<figure class=\"wp-block-image size-large\"><img loading=\"lazy\" decoding=\"async\" width=\"819\" height=\"1024\" src=\"https:\/\/www.idecsport.club\/wp-content\/uploads\/2026\/01\/IDEC-SPORT_COLLECTION-4-819x1024.jpg\" alt=\"\" class=\"wp-image-2175\" srcset=\"https:\/\/www.idecsport.club\/wp-content\/uploads\/2026\/01\/IDEC-SPORT_COLLECTION-4-819x1024.jpg 819w, https:\/\/www.idecsport.club\/wp-content\/uploads\/2026\/01\/IDEC-SPORT_COLLECTION-4-240x300.jpg 240w, https:\/\/www.idecsport.club\/wp-content\/uploads\/2026\/01\/IDEC-SPORT_COLLECTION-4-768x960.jpg 768w, https:\/\/www.idecsport.club\/wp-content\/uploads\/2026\/01\/IDEC-SPORT_COLLECTION-4.jpg 1080w\" sizes=\"auto, (max-width: 819px) 100vw, 819px\" \/><\/figure>\n<\/div>\n\n\n\n<div class=\"wp-block-column is-layout-flow wp-block-column-is-layout-flow\">\n<figure class=\"wp-block-image size-large\"><img loading=\"lazy\" decoding=\"async\" width=\"819\" height=\"1024\" src=\"https:\/\/www.idecsport.club\/wp-content\/uploads\/2026\/01\/IDEC-SPORT_COLLECTION-1-819x1024.jpg\" alt=\"\" class=\"wp-image-2176\" srcset=\"https:\/\/www.idecsport.club\/wp-content\/uploads\/2026\/01\/IDEC-SPORT_COLLECTION-1-819x1024.jpg 819w, https:\/\/www.idecsport.club\/wp-content\/uploads\/2026\/01\/IDEC-SPORT_COLLECTION-1-240x300.jpg 240w, https:\/\/www.idecsport.club\/wp-content\/uploads\/2026\/01\/IDEC-SPORT_COLLECTION-1-768x960.jpg 768w, https:\/\/www.idecsport.club\/wp-content\/uploads\/2026\/01\/IDEC-SPORT_COLLECTION-1.jpg 1080w\" sizes=\"auto, (max-width: 819px) 100vw, 819px\" \/><\/figure>\n<\/div>\n<\/div>\n\n\n\n<p><strong>Passionn\u00e9s, curieux ou amateurs \u00e9clair\u00e9s, rendez-vous sur le stand E016, hall 7-3, pour d\u00e9couvrir IDEC SPORT LEGEND, IDEC SPORT COLLECTION et rencontrer les \u00e9quipes d\u00e8s le 28 janvier.<\/strong><\/p>\n","protected":false},"excerpt":{"rendered":"<p>Du&nbsp;28 janvier au 1er f\u00e9vrier 2026, Paris Expo \u2013 Porte de Versailles accueille le salon international de r\u00e9f\u00e9rence d\u00e9di\u00e9 aux voitures anciennes et de collection.&nbsp;V\u00e9ritable temple du patrimoine automobile, l\u2019\u00e9v\u00e9nement s\u2019impose comme le rendez-vous incontournable des passionn\u00e9s, collectionneurs et acteurs&#8230;<\/p>\n","protected":false},"author":5,"featured_media":2179,"comment_status":"closed","ping_status":"closed","sticky":false,"template":"","format":"standard","meta":{"footnotes":""},"categories":[1],"tags":[],"class_list":{"0":"post-2178","1":"post","2":"type-post","3":"status-publish","4":"format-standard","5":"has-post-thumbnail","7":"category-news"},"yoast_head":"<!-- This site is optimized with the Yoast SEO plugin v27.2 - https:\/\/yoast.com\/product\/yoast-seo-wordpress\/ -->\n<title>IDEC SPORT lance IDEC SPORT LEGEND et IDEC SPORT COLLECTION au salon R\u00e9tromobile - IDEC SPORT CLUB<\/title>\n<meta name=\"robots\" content=\"index, follow, max-snippet:-1, max-image-preview:large, max-video-preview:-1\" \/>\n<link rel=\"canonical\" href=\"https:\/\/www.idecsport.club\/en\/idec-sport-lance-idec-sport-legend-et-idec-sport-collection-au-salon-retromobile\/\" \/>\n<meta property=\"og:locale\" content=\"en_US\" \/>\n<meta property=\"og:type\" content=\"article\" \/>\n<meta property=\"og:title\" content=\"IDEC SPORT lance IDEC SPORT LEGEND et IDEC SPORT COLLECTION au salon R\u00e9tromobile - IDEC SPORT CLUB\" \/>\n<meta property=\"og:description\" content=\"Du&nbsp;28 janvier au 1er f\u00e9vrier 2026, Paris Expo \u2013 Porte de Versailles accueille le salon international de r\u00e9f\u00e9rence d\u00e9di\u00e9 aux voitures anciennes et de collection.&nbsp;V\u00e9ritable temple du patrimoine automobile, l\u2019\u00e9v\u00e9nement s\u2019impose comme le rendez-vous incontournable des passionn\u00e9s, collectionneurs et acteurs...\" \/>\n<meta property=\"og:url\" content=\"https:\/\/www.idecsport.club\/en\/idec-sport-lance-idec-sport-legend-et-idec-sport-collection-au-salon-retromobile\/\" \/>\n<meta property=\"og:site_name\" content=\"IDEC SPORT CLUB\" \/>\n<meta property=\"article:published_time\" content=\"2026-01-24T14:10:00+00:00\" \/>\n<meta property=\"article:modified_time\" content=\"2026-01-26T08:19:12+00:00\" \/>\n<meta property=\"og:image\" content=\"https:\/\/www.idecsport.club\/wp-content\/uploads\/2026\/01\/3d-stand-Linkedin-scaled.jpg\" \/>\n\t<meta property=\"og:image:width\" content=\"2560\" \/>\n\t<meta property=\"og:image:height\" content=\"1620\" \/>\n\t<meta property=\"og:image:type\" content=\"image\/jpeg\" \/>\n<meta name=\"author\" content=\"Lisa DOUET\" \/>\n<meta name=\"twitter:card\" content=\"summary_large_image\" \/>\n<script type=\"application\/ld+json\" class=\"yoast-schema-graph\">{\"@context\":\"https:\/\/schema.org\",\"@graph\":[{\"@type\":\"Article\",\"@id\":\"https:\/\/www.idecsport.club\/en\/idec-sport-lance-idec-sport-legend-et-idec-sport-collection-au-salon-retromobile\/#article\",\"isPartOf\":{\"@id\":\"https:\/\/www.idecsport.club\/en\/idec-sport-lance-idec-sport-legend-et-idec-sport-collection-au-salon-retromobile\/\"},\"author\":{\"name\":\"Lisa DOUET\",\"@id\":\"https:\/\/www.idecsport.club\/en\/#\/schema\/person\/4a91a244767f35c9ff561e00b98765d0\"},\"headline\":\"IDEC SPORT lance IDEC SPORT LEGEND et IDEC SPORT COLLECTION au salon R\u00e9tromobile\",\"datePublished\":\"2026-01-24T14:10:00+00:00\",\"dateModified\":\"2026-01-26T08:19:12+00:00\",\"mainEntityOfPage\":{\"@id\":\"https:\/\/www.idecsport.club\/en\/idec-sport-lance-idec-sport-legend-et-idec-sport-collection-au-salon-retromobile\/\"},\"wordCount\":1029,\"publisher\":{\"@id\":\"https:\/\/www.idecsport.club\/en\/#organization\"},\"image\":{\"@id\":\"https:\/\/www.idecsport.club\/en\/idec-sport-lance-idec-sport-legend-et-idec-sport-collection-au-salon-retromobile\/#primaryimage\"},\"thumbnailUrl\":\"https:\/\/www.idecsport.club\/wp-content\/uploads\/2026\/01\/3d-stand-Linkedin-scaled.jpg\",\"articleSection\":[\"News\"],\"inLanguage\":\"en-US\"},{\"@type\":\"WebPage\",\"@id\":\"https:\/\/www.idecsport.club\/en\/idec-sport-lance-idec-sport-legend-et-idec-sport-collection-au-salon-retromobile\/\",\"url\":\"https:\/\/www.idecsport.club\/en\/idec-sport-lance-idec-sport-legend-et-idec-sport-collection-au-salon-retromobile\/\",\"name\":\"IDEC SPORT lance IDEC SPORT LEGEND et IDEC SPORT COLLECTION au salon R\u00e9tromobile - IDEC SPORT CLUB\",\"isPartOf\":{\"@id\":\"https:\/\/www.idecsport.club\/en\/#website\"},\"primaryImageOfPage\":{\"@id\":\"https:\/\/www.idecsport.club\/en\/idec-sport-lance-idec-sport-legend-et-idec-sport-collection-au-salon-retromobile\/#primaryimage\"},\"image\":{\"@id\":\"https:\/\/www.idecsport.club\/en\/idec-sport-lance-idec-sport-legend-et-idec-sport-collection-au-salon-retromobile\/#primaryimage\"},\"thumbnailUrl\":\"https:\/\/www.idecsport.club\/wp-content\/uploads\/2026\/01\/3d-stand-Linkedin-scaled.jpg\",\"datePublished\":\"2026-01-24T14:10:00+00:00\",\"dateModified\":\"2026-01-26T08:19:12+00:00\",\"breadcrumb\":{\"@id\":\"https:\/\/www.idecsport.club\/en\/idec-sport-lance-idec-sport-legend-et-idec-sport-collection-au-salon-retromobile\/#breadcrumb\"},\"inLanguage\":\"en-US\",\"potentialAction\":[{\"@type\":\"ReadAction\",\"target\":[\"https:\/\/www.idecsport.club\/en\/idec-sport-lance-idec-sport-legend-et-idec-sport-collection-au-salon-retromobile\/\"]}]},{\"@type\":\"ImageObject\",\"inLanguage\":\"en-US\",\"@id\":\"https:\/\/www.idecsport.club\/en\/idec-sport-lance-idec-sport-legend-et-idec-sport-collection-au-salon-retromobile\/#primaryimage\",\"url\":\"https:\/\/www.idecsport.club\/wp-content\/uploads\/2026\/01\/3d-stand-Linkedin-scaled.jpg\",\"contentUrl\":\"https:\/\/www.idecsport.club\/wp-content\/uploads\/2026\/01\/3d-stand-Linkedin-scaled.jpg\",\"width\":2560,\"height\":1620},{\"@type\":\"BreadcrumbList\",\"@id\":\"https:\/\/www.idecsport.club\/en\/idec-sport-lance-idec-sport-legend-et-idec-sport-collection-au-salon-retromobile\/#breadcrumb\",\"itemListElement\":[{\"@type\":\"ListItem\",\"position\":1,\"name\":\"Accueil\",\"item\":\"https:\/\/www.idecsport.club\/en\/accueil\/\"},{\"@type\":\"ListItem\",\"position\":2,\"name\":\"IDEC SPORT lance IDEC SPORT LEGEND et IDEC SPORT COLLECTION au salon R\u00e9tromobile\"}]},{\"@type\":\"WebSite\",\"@id\":\"https:\/\/www.idecsport.club\/en\/#website\",\"url\":\"https:\/\/www.idecsport.club\/en\/\",\"name\":\"IDEC SPORT CLUB\",\"description\":\"L&#039;\u00e9motion automobile prend une nouvelle dimension\",\"publisher\":{\"@id\":\"https:\/\/www.idecsport.club\/en\/#organization\"},\"potentialAction\":[{\"@type\":\"SearchAction\",\"target\":{\"@type\":\"EntryPoint\",\"urlTemplate\":\"https:\/\/www.idecsport.club\/en\/?s={search_term_string}\"},\"query-input\":{\"@type\":\"PropertyValueSpecification\",\"valueRequired\":true,\"valueName\":\"search_term_string\"}}],\"inLanguage\":\"en-US\"},{\"@type\":\"Organization\",\"@id\":\"https:\/\/www.idecsport.club\/en\/#organization\",\"name\":\"IDEC SPORT CLUB\",\"url\":\"https:\/\/www.idecsport.club\/en\/\",\"logo\":{\"@type\":\"ImageObject\",\"inLanguage\":\"en-US\",\"@id\":\"https:\/\/www.idecsport.club\/en\/#\/schema\/logo\/image\/\",\"url\":\"https:\/\/www.idecsport.club\/wp-content\/uploads\/2024\/01\/logo-idec-sport-club_black_300x70.svg\",\"contentUrl\":\"https:\/\/www.idecsport.club\/wp-content\/uploads\/2024\/01\/logo-idec-sport-club_black_300x70.svg\",\"width\":300,\"height\":70,\"caption\":\"IDEC SPORT CLUB\"},\"image\":{\"@id\":\"https:\/\/www.idecsport.club\/en\/#\/schema\/logo\/image\/\"}},{\"@type\":\"Person\",\"@id\":\"https:\/\/www.idecsport.club\/en\/#\/schema\/person\/4a91a244767f35c9ff561e00b98765d0\",\"name\":\"Lisa DOUET\",\"image\":{\"@type\":\"ImageObject\",\"inLanguage\":\"en-US\",\"@id\":\"https:\/\/secure.gravatar.com\/avatar\/e2fe15c84664cbe10850e0fd245c255c73d3e745ca8702c248e498ff2c07d2f3?s=96&d=mm&r=g\",\"url\":\"https:\/\/secure.gravatar.com\/avatar\/e2fe15c84664cbe10850e0fd245c255c73d3e745ca8702c248e498ff2c07d2f3?s=96&d=mm&r=g\",\"contentUrl\":\"https:\/\/secure.gravatar.com\/avatar\/e2fe15c84664cbe10850e0fd245c255c73d3e745ca8702c248e498ff2c07d2f3?s=96&d=mm&r=g\",\"caption\":\"Lisa DOUET\"}}]}<\/script>\n<!-- \/ Yoast SEO plugin. -->","yoast_head_json":{"title":"IDEC SPORT lance IDEC SPORT LEGEND et IDEC SPORT COLLECTION au salon R\u00e9tromobile - IDEC SPORT CLUB","robots":{"index":"index","follow":"follow","max-snippet":"max-snippet:-1","max-image-preview":"max-image-preview:large","max-video-preview":"max-video-preview:-1"},"canonical":"https:\/\/www.idecsport.club\/en\/idec-sport-lance-idec-sport-legend-et-idec-sport-collection-au-salon-retromobile\/","og_locale":"en_US","og_type":"article","og_title":"IDEC SPORT lance IDEC SPORT LEGEND et IDEC SPORT COLLECTION au salon R\u00e9tromobile - IDEC SPORT CLUB","og_description":"Du&nbsp;28 janvier au 1er f\u00e9vrier 2026, Paris Expo \u2013 Porte de Versailles accueille le salon international de r\u00e9f\u00e9rence d\u00e9di\u00e9 aux voitures anciennes et de collection.&nbsp;V\u00e9ritable temple du patrimoine automobile, l\u2019\u00e9v\u00e9nement s\u2019impose comme le rendez-vous incontournable des passionn\u00e9s, collectionneurs et acteurs...","og_url":"https:\/\/www.idecsport.club\/en\/idec-sport-lance-idec-sport-legend-et-idec-sport-collection-au-salon-retromobile\/","og_site_name":"IDEC SPORT CLUB","article_published_time":"2026-01-24T14:10:00+00:00","article_modified_time":"2026-01-26T08:19:12+00:00","og_image":[{"width":2560,"height":1620,"url":"https:\/\/www.idecsport.club\/wp-content\/uploads\/2026\/01\/3d-stand-Linkedin-scaled.jpg","type":"image\/jpeg"}],"author":"Lisa DOUET","twitter_card":"summary_large_image","schema":{"@context":"https:\/\/schema.org","@graph":[{"@type":"Article","@id":"https:\/\/www.idecsport.club\/en\/idec-sport-lance-idec-sport-legend-et-idec-sport-collection-au-salon-retromobile\/#article","isPartOf":{"@id":"https:\/\/www.idecsport.club\/en\/idec-sport-lance-idec-sport-legend-et-idec-sport-collection-au-salon-retromobile\/"},"author":{"name":"Lisa DOUET","@id":"https:\/\/www.idecsport.club\/en\/#\/schema\/person\/4a91a244767f35c9ff561e00b98765d0"},"headline":"IDEC SPORT lance IDEC SPORT LEGEND et IDEC SPORT COLLECTION au salon R\u00e9tromobile","datePublished":"2026-01-24T14:10:00+00:00","dateModified":"2026-01-26T08:19:12+00:00","mainEntityOfPage":{"@id":"https:\/\/www.idecsport.club\/en\/idec-sport-lance-idec-sport-legend-et-idec-sport-collection-au-salon-retromobile\/"},"wordCount":1029,"publisher":{"@id":"https:\/\/www.idecsport.club\/en\/#organization"},"image":{"@id":"https:\/\/www.idecsport.club\/en\/idec-sport-lance-idec-sport-legend-et-idec-sport-collection-au-salon-retromobile\/#primaryimage"},"thumbnailUrl":"https:\/\/www.idecsport.club\/wp-content\/uploads\/2026\/01\/3d-stand-Linkedin-scaled.jpg","articleSection":["News"],"inLanguage":"en-US"},{"@type":"WebPage","@id":"https:\/\/www.idecsport.club\/en\/idec-sport-lance-idec-sport-legend-et-idec-sport-collection-au-salon-retromobile\/","url":"https:\/\/www.idecsport.club\/en\/idec-sport-lance-idec-sport-legend-et-idec-sport-collection-au-salon-retromobile\/","name":"IDEC SPORT lance IDEC SPORT LEGEND et IDEC SPORT COLLECTION au salon R\u00e9tromobile - IDEC SPORT CLUB","isPartOf":{"@id":"https:\/\/www.idecsport.club\/en\/#website"},"primaryImageOfPage":{"@id":"https:\/\/www.idecsport.club\/en\/idec-sport-lance-idec-sport-legend-et-idec-sport-collection-au-salon-retromobile\/#primaryimage"},"image":{"@id":"https:\/\/www.idecsport.club\/en\/idec-sport-lance-idec-sport-legend-et-idec-sport-collection-au-salon-retromobile\/#primaryimage"},"thumbnailUrl":"https:\/\/www.idecsport.club\/wp-content\/uploads\/2026\/01\/3d-stand-Linkedin-scaled.jpg","datePublished":"2026-01-24T14:10:00+00:00","dateModified":"2026-01-26T08:19:12+00:00","breadcrumb":{"@id":"https:\/\/www.idecsport.club\/en\/idec-sport-lance-idec-sport-legend-et-idec-sport-collection-au-salon-retromobile\/#breadcrumb"},"inLanguage":"en-US","potentialAction":[{"@type":"ReadAction","target":["https:\/\/www.idecsport.club\/en\/idec-sport-lance-idec-sport-legend-et-idec-sport-collection-au-salon-retromobile\/"]}]},{"@type":"ImageObject","inLanguage":"en-US","@id":"https:\/\/www.idecsport.club\/en\/idec-sport-lance-idec-sport-legend-et-idec-sport-collection-au-salon-retromobile\/#primaryimage","url":"https:\/\/www.idecsport.club\/wp-content\/uploads\/2026\/01\/3d-stand-Linkedin-scaled.jpg","contentUrl":"https:\/\/www.idecsport.club\/wp-content\/uploads\/2026\/01\/3d-stand-Linkedin-scaled.jpg","width":2560,"height":1620},{"@type":"BreadcrumbList","@id":"https:\/\/www.idecsport.club\/en\/idec-sport-lance-idec-sport-legend-et-idec-sport-collection-au-salon-retromobile\/#breadcrumb","itemListElement":[{"@type":"ListItem","position":1,"name":"Accueil","item":"https:\/\/www.idecsport.club\/en\/accueil\/"},{"@type":"ListItem","position":2,"name":"IDEC SPORT lance IDEC SPORT LEGEND et IDEC SPORT COLLECTION au salon R\u00e9tromobile"}]},{"@type":"WebSite","@id":"https:\/\/www.idecsport.club\/en\/#website","url":"https:\/\/www.idecsport.club\/en\/","name":"IDEC SPORT CLUB","description":"L&#039;\u00e9motion automobile prend une nouvelle dimension","publisher":{"@id":"https:\/\/www.idecsport.club\/en\/#organization"},"potentialAction":[{"@type":"SearchAction","target":{"@type":"EntryPoint","urlTemplate":"https:\/\/www.idecsport.club\/en\/?s={search_term_string}"},"query-input":{"@type":"PropertyValueSpecification","valueRequired":true,"valueName":"search_term_string"}}],"inLanguage":"en-US"},{"@type":"Organization","@id":"https:\/\/www.idecsport.club\/en\/#organization","name":"IDEC SPORT CLUB","url":"https:\/\/www.idecsport.club\/en\/","logo":{"@type":"ImageObject","inLanguage":"en-US","@id":"https:\/\/www.idecsport.club\/en\/#\/schema\/logo\/image\/","url":"https:\/\/www.idecsport.club\/wp-content\/uploads\/2024\/01\/logo-idec-sport-club_black_300x70.svg","contentUrl":"https:\/\/www.idecsport.club\/wp-content\/uploads\/2024\/01\/logo-idec-sport-club_black_300x70.svg","width":300,"height":70,"caption":"IDEC SPORT CLUB"},"image":{"@id":"https:\/\/www.idecsport.club\/en\/#\/schema\/logo\/image\/"}},{"@type":"Person","@id":"https:\/\/www.idecsport.club\/en\/#\/schema\/person\/4a91a244767f35c9ff561e00b98765d0","name":"Lisa DOUET","image":{"@type":"ImageObject","inLanguage":"en-US","@id":"https:\/\/secure.gravatar.com\/avatar\/e2fe15c84664cbe10850e0fd245c255c73d3e745ca8702c248e498ff2c07d2f3?s=96&d=mm&r=g","url":"https:\/\/secure.gravatar.com\/avatar\/e2fe15c84664cbe10850e0fd245c255c73d3e745ca8702c248e498ff2c07d2f3?s=96&d=mm&r=g","contentUrl":"https:\/\/secure.gravatar.com\/avatar\/e2fe15c84664cbe10850e0fd245c255c73d3e745ca8702c248e498ff2c07d2f3?s=96&d=mm&r=g","caption":"Lisa DOUET"}}]}},"_links":{"self":[{"href":"https:\/\/www.idecsport.club\/en\/wp-json\/wp\/v2\/posts\/2178","targetHints":{"allow":["GET"]}}],"collection":[{"href":"https:\/\/www.idecsport.club\/en\/wp-json\/wp\/v2\/posts"}],"about":[{"href":"https:\/\/www.idecsport.club\/en\/wp-json\/wp\/v2\/types\/post"}],"author":[{"embeddable":true,"href":"https:\/\/www.idecsport.club\/en\/wp-json\/wp\/v2\/users\/5"}],"replies":[{"embeddable":true,"href":"https:\/\/www.idecsport.club\/en\/wp-json\/wp\/v2\/comments?post=2178"}],"version-history":[{"count":2,"href":"https:\/\/www.idecsport.club\/en\/wp-json\/wp\/v2\/posts\/2178\/revisions"}],"predecessor-version":[{"id":2182,"href":"https:\/\/www.idecsport.club\/en\/wp-json\/wp\/v2\/posts\/2178\/revisions\/2182"}],"wp:featuredmedia":[{"embeddable":true,"href":"https:\/\/www.idecsport.club\/en\/wp-json\/wp\/v2\/media\/2179"}],"wp:attachment":[{"href":"https:\/\/www.idecsport.club\/en\/wp-json\/wp\/v2\/media?parent=2178"}],"wp:term":[{"taxonomy":"category","embeddable":true,"href":"https:\/\/www.idecsport.club\/en\/wp-json\/wp\/v2\/categories?post=2178"},{"taxonomy":"post_tag","embeddable":true,"href":"https:\/\/www.idecsport.club\/en\/wp-json\/wp\/v2\/tags?post=2178"}],"curies":[{"name":"wp","href":"https:\/\/api.w.org\/{rel}","templated":true}]}}